{"id":871,"date":"2019-08-26T12:41:28","date_gmt":"2019-08-26T10:41:28","guid":{"rendered":"https:\/\/www.uwekauss.de\/?p=871"},"modified":"2020-05-19T18:06:30","modified_gmt":"2020-05-19T16:06:30","slug":"ab-heute-radarkontrollen-der-offenbacher-polizei","status":"publish","type":"post","link":"https:\/\/www.uwekauss.de\/?p=871","title":{"rendered":"\u201eAb heute Radarkontrollen der Offenbacher Polizei\u201c"},"content":{"rendered":"\n<p class=\"has-drop-cap\"><strong>Vor 50 Jahren, am 20. August 1969, wurde in der Stadt Offenbach zum ersten Mal die Geschwindigkeit des Stra\u00dfenverkehrs von der Polizei mit einer Radarkamera \u00fcberwacht. Einige Monate sp\u00e4ter montierten die Beamten zudem den ersten Rotlicht-Blitzer der Stadt. <\/strong> <\/p>\n\n\n\n<figure class=\"wp-block-image\"><img loading=\"lazy\" decoding=\"async\" width=\"1024\" height=\"669\" src=\"https:\/\/www.uwekauss.de\/wp-content\/uploads\/2019\/08\/16_polizeikontrolle_1969_kl-1024x669.jpg\" alt=\"Polizeikontrolle 1969 in Offenbach\" class=\"wp-image-872\" srcset=\"https:\/\/www.uwekauss.de\/wp-content\/uploads\/2019\/08\/16_polizeikontrolle_1969_kl-1024x669.jpg 1024w, https:\/\/www.uwekauss.de\/wp-content\/uploads\/2019\/08\/16_polizeikontrolle_1969_kl-300x196.jpg 300w, https:\/\/www.uwekauss.de\/wp-content\/uploads\/2019\/08\/16_polizeikontrolle_1969_kl-768x502.jpg 768w, https:\/\/www.uwekauss.de\/wp-content\/uploads\/2019\/08\/16_polizeikontrolle_1969_kl.jpg 1280w\" sizes=\"auto, (max-width: 1024px) 100vw, 1024px\" \/><figcaption>Stadtarchiv Offenbach. (c) Presse- und Informationsamt &#8211; Schmiedel<\/figcaption><\/figure>\n\n\n\n<p>Zu diesem Anlass unternehme ich mit dem bekannten hr1-Moderator (&#8222;Koschwitz am Morgen&#8220;) und Comedian <a href=\"http:\/\/korff-ludewig.de\/\" target=\"_blank\" rel=\"noreferrer noopener\" aria-label=\" (\u00f6ffnet in neuem Tab)\">Bastian Korff<\/a> am 28. August 2019 im Kunstverein im Offenbacher Einkaufszentrum KOMM eine vergn\u00fcgliche Reise voller \u00dcberraschungen und Superlative durch 50 Jahre Stra\u00dfenverkehr in der Stadt. <\/p>\n\n\n\n<p>F\u00fcr diesen Abend habe ich viele spannende, interessante Begebenheiten und Details recherchiert \u2013 vom ersten Bu\u00dfgeld der Welt wegen zu schnellem Fahren bis zu humorvollen, teils skurrilen Ereignissen im Offenbacher Stra\u00dfenverkehr dieser Jahre. Mit historischen Filmausschnitten, Zitaten von Zeitgenossen, Fotos und Originaldokumenten lassen wir diese Zeit wieder lebendig werden. Damals wurde die \u00dcberwachungskamera \u00fcbrigens mit einer Stimmgabel justiert, es gab weder Airbag noch Sicherheitsgurte, die Promillegrenze lag bei 1,3 und das Mobiltelefon war noch nicht erfunden.<\/p>\n\n\n\n<!--more-->\n\n\n\n<figure class=\"wp-block-image\"><img loading=\"lazy\" decoding=\"async\" width=\"1024\" height=\"836\" src=\"https:\/\/www.uwekauss.de\/wp-content\/uploads\/2019\/08\/10_blitzer_1969_3_klein-1024x836.jpg\" alt=\"\" class=\"wp-image-873\" srcset=\"https:\/\/www.uwekauss.de\/wp-content\/uploads\/2019\/08\/10_blitzer_1969_3_klein-1024x836.jpg 1024w, https:\/\/www.uwekauss.de\/wp-content\/uploads\/2019\/08\/10_blitzer_1969_3_klein-300x245.jpg 300w, https:\/\/www.uwekauss.de\/wp-content\/uploads\/2019\/08\/10_blitzer_1969_3_klein-768x627.jpg 768w, https:\/\/www.uwekauss.de\/wp-content\/uploads\/2019\/08\/10_blitzer_1969_3_klein.jpg 1200w\" sizes=\"auto, (max-width: 1024px) 100vw, 1024px\" \/><figcaption>Der erste Offenbacher Blitzer im August 1969.  (c) Offenbach-Post &#8211; Schmiedel<\/figcaption><\/figure>\n\n\n\n<p>Au\u00dferdem erinnern wir an die deutschlandweit bis heute einzigartige Geschwindigkeits\u00fcberwachung von Stra\u00dfenbahnen in der Fu\u00dfg\u00e4ngerzone der Frankfurter Stra\u00dfe, die 1995 ein gro\u00dfe Resonanz in der \u00d6ffentlichkeit erzeugte. Heike Hollerbach, von 1990 bis 2006 Leiterin der Offenbacher Stra\u00dfenverkehrsbeh\u00f6rde und seit 1972 dort besch\u00e4ftigt, erz\u00e4hlt dem Publikum von dieser Begebenheit ebenso wie weitere spannende und \u00fcberraschende Geschichten aus ihrer Arbeit im Stra\u00dfenverkehr. Dazu geh\u00f6rt der ebenfalls einzigartige \u201eAlkohol-Wirkungstest\u201c, den die sie unter \u00e4rztlicher Aufsicht mit den Mitarbeitern der F\u00fchrerscheinstelle absolvierte.<\/p>\n\n\n\n<p>Dazu\nerlebt das Publikum ein einzigartiges Ereignis: Das Offenbacher\nOrdnungsamt wird seinen 2017 in Betrieb genommenen \u201eEnforcement\nTrailer\u201c zur mobilen Geschwindigkeits\u00fcberwachung erstmals im\nShopping-Center KOMM aufbauen. Diesmal werden aber keine Autos\ngeblitzt, sondern vielleicht die Besucher: Der Leiter des\nOrdnungsamtes, Peter Weigand, wird den Besuchern der Veranstaltung\neinen seltenen Blick unter die gepanzerte Haube des Messanh\u00e4ngers\nerlauben und ihnen die hoch komplexe Technologie des Ger\u00e4tes\nerl\u00e4utern. \n<\/p>\n\n\n\n<p> Organisiert und finanziert wird die etwa einst\u00fcndige Veranstaltung vom Amt f\u00fcr \u00d6ffentlichkeitsarbeit der Stadt Offenbach. Vielen Dank daf\u00fcr!<\/p>\n","protected":false},"excerpt":{"rendered":"<p>Vor 50 Jahren, am 20. August 1969, wurde in der Stadt Offenbach zum ersten Mal die Geschwindigkeit des Stra\u00dfenverkehrs von der Polizei mit einer Radarkamera \u00fcberwacht. Einige Monate sp\u00e4ter montierten die Beamten zudem den ersten Rotlicht-Blitzer der Stadt. Zu diesem &hellip; <a href=\"https:\/\/www.uwekauss.de\/?p=871\">Weiterlesen <span class=\"meta-nav\">&rarr;<\/span><\/a><\/p>\n","protected":false},"author":1,"featured_media":0,"comment_status":"closed","ping_status":"closed","sticky":false,"template":"","format":"standard","meta":{"footnotes":""},"categories":[5,4],"tags":[],"class_list":["post-871","post","type-post","status-publish","format-standard","hentry","category-aktuell","category-lesungen"],"aioseo_notices":[],"_links":{"self":[{"href":"https:\/\/www.uwekauss.de\/index.php?rest_route=\/wp\/v2\/posts\/871","targetHints":{"allow":["GET"]}}],"collection":[{"href":"https:\/\/www.uwekauss.de\/index.php?rest_route=\/wp\/v2\/posts"}],"about":[{"href":"https:\/\/www.uwekauss.de\/index.php?rest_route=\/wp\/v2\/types\/post"}],"author":[{"embeddable":true,"href":"https:\/\/www.uwekauss.de\/index.php?rest_route=\/wp\/v2\/users\/1"}],"replies":[{"embeddable":true,"href":"https:\/\/www.uwekauss.de\/index.php?rest_route=%2Fwp%2Fv2%2Fcomments&post=871"}],"version-history":[{"count":11,"href":"https:\/\/www.uwekauss.de\/index.php?rest_route=\/wp\/v2\/posts\/871\/revisions"}],"predecessor-version":[{"id":889,"href":"https:\/\/www.uwekauss.de\/index.php?rest_route=\/wp\/v2\/posts\/871\/revisions\/889"}],"wp:attachment":[{"href":"https:\/\/www.uwekauss.de\/index.php?rest_route=%2Fwp%2Fv2%2Fmedia&parent=871"}],"wp:term":[{"taxonomy":"category","embeddable":true,"href":"https:\/\/www.uwekauss.de\/index.php?rest_route=%2Fwp%2Fv2%2Fcategories&post=871"},{"taxonomy":"post_tag","embeddable":true,"href":"https:\/\/www.uwekauss.de\/index.php?rest_route=%2Fwp%2Fv2%2Ftags&post=871"}],"curies":[{"name":"wp","href":"https:\/\/api.w.org\/{rel}","templated":true}]}}