{"id":799,"date":"2018-08-20T14:12:30","date_gmt":"2018-08-20T12:12:30","guid":{"rendered":"https:\/\/www.uwekauss.de\/?p=799"},"modified":"2020-05-19T18:09:16","modified_gmt":"2020-05-19T16:09:16","slug":"historisches-strassentheater-von-gestern-fuer-heute","status":"publish","type":"post","link":"https:\/\/www.uwekauss.de\/?p=799","title":{"rendered":"Historisches Stra\u00dfentheater &#8211; von gestern f\u00fcr heute"},"content":{"rendered":"<p><a href=\"https:\/\/www.uwekauss.de\/wp-content\/uploads\/2018\/08\/auff\u00fchrung_publ_1_isser.jpg\"><img loading=\"lazy\" decoding=\"async\" class=\"alignleft size-medium wp-image-801\" src=\"https:\/\/www.uwekauss.de\/wp-content\/uploads\/2018\/08\/auff\u00fchrung_publ_1_isser-300x206.jpg\" alt=\"Theaterauf\u00fchrung &quot;Marktmeister Clement ermittelt&quot; auf dem Offenbacher Wilhelmsplatz\" width=\"300\" height=\"206\" srcset=\"https:\/\/www.uwekauss.de\/wp-content\/uploads\/2018\/08\/auff\u00fchrung_publ_1_isser-300x206.jpg 300w, https:\/\/www.uwekauss.de\/wp-content\/uploads\/2018\/08\/auff\u00fchrung_publ_1_isser-768x526.jpg 768w, https:\/\/www.uwekauss.de\/wp-content\/uploads\/2018\/08\/auff\u00fchrung_publ_1_isser-1024x702.jpg 1024w, https:\/\/www.uwekauss.de\/wp-content\/uploads\/2018\/08\/auff\u00fchrung_publ_1_isser.jpg 1920w\" sizes=\"auto, (max-width: 300px) 100vw, 300px\" \/><\/a> Der Offenbacher Wilhelmsplatz ist nicht nur das gastronomische Epizentrum der Stadt mit mehr als einem dutzend Restaurants, Kneipen und Bars. Hier findet auch der Wochenmarkt statt, den viele f\u00fcr den sch\u00f6nsten und gr\u00f6\u00dften im Rhein-Main-Gebiet halten. Dieser Markt feiert 2018 einen runden Geburtstag: Vor 150 Jahren wurde dort zum ersten Mal gehandelt. Es war ein Viehmarkt auf einer unbebauten Wiesenfl\u00e4che am Rand der Stadt. Zu diesem Anlass habe ich im Auftrag der Stadt Offenbach das historische Stra\u00dfentheaterst\u00fcck &#8222;Marktmeister Clement ermittelt&#8220; geschrieben, mit dem ich das Jahr 1868 wieder lebendig werden lasse. Die Zeit weist viele Parallen zum Heute auf &#8211; und das habe ich, durchaus beil\u00e4ufig, eingewoben. Mit einer humorvollen und spannungsreichen Handlung, die das Publikum einbezieht, erleben die Zuschauer so einen hoffentlich interessanten Abend. Gute, alte Zeit? Von wegen.<\/p>\n<p class=\"western\"><a href=\"https:\/\/www.uwekauss.de\/wp-content\/uploads\/2018\/08\/maria_johanna_isser.jpg\"><img loading=\"lazy\" decoding=\"async\" class=\"alignright size-medium wp-image-805\" src=\"https:\/\/www.uwekauss.de\/wp-content\/uploads\/2018\/08\/maria_johanna_isser-300x200.jpg\" alt=\"Masrkmeister Clement ermittelt -Johanna und Maria\" width=\"300\" height=\"200\" srcset=\"https:\/\/www.uwekauss.de\/wp-content\/uploads\/2018\/08\/maria_johanna_isser-300x200.jpg 300w, https:\/\/www.uwekauss.de\/wp-content\/uploads\/2018\/08\/maria_johanna_isser-768x512.jpg 768w, https:\/\/www.uwekauss.de\/wp-content\/uploads\/2018\/08\/maria_johanna_isser-1024x683.jpg 1024w, https:\/\/www.uwekauss.de\/wp-content\/uploads\/2018\/08\/maria_johanna_isser.jpg 1920w\" sizes=\"auto, (max-width: 300px) 100vw, 300px\" \/><\/a>Das St\u00fcck spielt am Tag des ersten Viehmarkts: Einem Bauern ist w\u00e4hrend des Markts ein Kalb verschwunden. Marktmeister Konrad Clement (Daniel Thomas) ist verzweifelt. Wenn es nicht wieder auftaucht, w\u00e4re es eine Blamage f\u00fcr ihn, f\u00fcr den Markt und f\u00fcr die Fabrikstadt Offenbach, deren Folgen weit ins Gro\u00dfherzogtum Hessen reichen w\u00fcrden. Die Gendarmen und Markthelfen suchen &#8211; doch sie finden es nicht. Also macht er sich mit der K\u00f6chin Maria Prahl (Christine Klauke), der Heusenstammer Marktfrau Johanna (Dagmar Winter) und dem Tagel\u00f6hner August Heilmann (Maxi Winter) auf die Suche. Ohne Erfolg. Clement ist am Ende \u2013 bis die Handlung eine unerwartete Wende nimmt.<\/p>\n<p><!--more--><\/p>\n<p>Aufgef\u00fchrt hat das St\u00fcck der renommierte <a href=\"https:\/\/www.theaterclub-elmar.de\" target=\"_blank\" rel=\"noopener noreferrer\">Theaterclub Elmar<\/a>, der Kulturpreistr\u00e4ger der Stadt Offenbach 2011, unter der Regie von Simon Isser, dem Pr\u00e4sidenten des Deutschen Amateurtheaterverbandes. Er hat es reduziert inszeniert, und das ist wunderbar. Ein paar Ballen Heu und wenige Requisiten haben ihm gen\u00fcgt, um 1868 lebendig werden zu lassen &#8211; ohne die Gegenwart zu negieren. F\u00fcr die historisch authentischen Kost\u00fcme hat die renommierte Kost\u00fcmbildnerin <a href=\"https:\/\/www.monika-seidl.de\/\" target=\"_blank\" rel=\"noopener noreferrer\">Monika Seidl<\/a> gesorgt, die sonst bundesweit f\u00fcr bekannte Theater, Festivals und Popstars arbeitet.<\/p>\n<p>Zur Urauff\u00fchrung auf dem Wilhelmsplatz bei grandiosem Open-Air-Wetter am 15.8.2018 kamen Oberb\u00fcrgermeister Dr. Felix Schwenke und etwa 350 Besucher, die zum Schluss mehrere Minuten lang applaudierten. Vielen Dank! Vergangenheit in der Gegenwart mit Stra\u00dfentheater, das auf einem Parkplatz aufgef\u00fchrt wird. Dieser Kontrast passt perfekt in die Stadt.<\/p>\n\n\t\t<style type=\"text\/css\">\n\t\t\t#gallery-1 {\n\t\t\t\tmargin: auto;\n\t\t\t}\n\t\t\t#gallery-1 .gallery-item {\n\t\t\t\tfloat: left;\n\t\t\t\tmargin-top: 10px;\n\t\t\t\ttext-align: center;\n\t\t\t\twidth: 33%;\n\t\t\t}\n\t\t\t#gallery-1 img {\n\t\t\t\tborder: 2px solid #cfcfcf;\n\t\t\t}\n\t\t\t#gallery-1 .gallery-caption {\n\t\t\t\tmargin-left: 0;\n\t\t\t}\n\t\t\t\/* see gallery_shortcode() in wp-includes\/media.php *\/\n\t\t<\/style>\n\t\t<div id='gallery-1' class='gallery galleryid-799 gallery-columns-3 gallery-size-thumbnail'><dl class='gallery-item'>\n\t\t\t<dt class='gallery-icon landscape'>\n\t\t\t\t<a href='https:\/\/www.uwekauss.de\/?attachment_id=804'><img loading=\"lazy\" decoding=\"async\" width=\"150\" height=\"150\" src=\"https:\/\/www.uwekauss.de\/wp-content\/uploads\/2018\/08\/johann_ludewig_isser-150x150.jpg\" class=\"attachment-thumbnail size-thumbnail\" alt=\"\" \/><\/a>\n\t\t\t<\/dt><\/dl><dl class='gallery-item'>\n\t\t\t<dt class='gallery-icon portrait'>\n\t\t\t\t<a href='https:\/\/www.uwekauss.de\/?attachment_id=803'><img loading=\"lazy\" decoding=\"async\" width=\"150\" height=\"150\" src=\"https:\/\/www.uwekauss.de\/wp-content\/uploads\/2018\/08\/clement_august_isser-150x150.jpg\" class=\"attachment-thumbnail size-thumbnail\" alt=\"\" \/><\/a>\n\t\t\t<\/dt><\/dl><dl class='gallery-item'>\n\t\t\t<dt class='gallery-icon landscape'>\n\t\t\t\t<a href='https:\/\/www.uwekauss.de\/?attachment_id=802'><img loading=\"lazy\" decoding=\"async\" width=\"150\" height=\"150\" src=\"https:\/\/www.uwekauss.de\/wp-content\/uploads\/2018\/08\/clement_august_2_isser-150x150.jpg\" class=\"attachment-thumbnail size-thumbnail\" alt=\"\" \/><\/a>\n\t\t\t<\/dt><\/dl><br style=\"clear: both\" \/><dl class='gallery-item'>\n\t\t\t<dt class='gallery-icon landscape'>\n\t\t\t\t<a href='https:\/\/www.uwekauss.de\/?attachment_id=800'><img loading=\"lazy\" decoding=\"async\" width=\"150\" height=\"150\" src=\"https:\/\/www.uwekauss.de\/wp-content\/uploads\/2018\/08\/applaus_isser-150x150.jpg\" class=\"attachment-thumbnail size-thumbnail\" alt=\"Gelier der urauff\u00fchrung &quot;marktmeister Clement ermittelt&quot;\" \/><\/a>\n\t\t\t<\/dt><\/dl><dl class='gallery-item'>\n\t\t\t<dt class='gallery-icon landscape'>\n\t\t\t\t<a href='https:\/\/www.uwekauss.de\/?attachment_id=808'><img loading=\"lazy\" decoding=\"async\" width=\"150\" height=\"150\" src=\"https:\/\/www.uwekauss.de\/wp-content\/uploads\/2018\/08\/clement_august_3_isser-150x150.jpg\" class=\"attachment-thumbnail size-thumbnail\" alt=\"\" \/><\/a>\n\t\t\t<\/dt><\/dl>\n\t\t\t<br style='clear: both' \/>\n\t\t<\/div>\n\n<p>Die wunderbaren Fotos hat (c) Thomas Isser geschossen.<\/p>\n","protected":false},"excerpt":{"rendered":"<p>Der Offenbacher Wilhelmsplatz ist nicht nur das gastronomische Epizentrum der Stadt mit mehr als einem dutzend Restaurants, Kneipen und Bars. Hier findet auch der Wochenmarkt statt, den viele f\u00fcr den sch\u00f6nsten und gr\u00f6\u00dften im Rhein-Main-Gebiet halten. Dieser Markt feiert 2018 &hellip; <a href=\"https:\/\/www.uwekauss.de\/?p=799\">Weiterlesen <span class=\"meta-nav\">&rarr;<\/span><\/a><\/p>\n","protected":false},"author":1,"featured_media":0,"comment_status":"closed","ping_status":"closed","sticky":false,"template":"","format":"standard","meta":{"footnotes":""},"categories":[5,6],"tags":[],"class_list":["post-799","post","type-post","status-publish","format-standard","hentry","category-aktuell","category-frisch_erschienen"],"aioseo_notices":[],"_links":{"self":[{"href":"https:\/\/www.uwekauss.de\/index.php?rest_route=\/wp\/v2\/posts\/799","targetHints":{"allow":["GET"]}}],"collection":[{"href":"https:\/\/www.uwekauss.de\/index.php?rest_route=\/wp\/v2\/posts"}],"about":[{"href":"https:\/\/www.uwekauss.de\/index.php?rest_route=\/wp\/v2\/types\/post"}],"author":[{"embeddable":true,"href":"https:\/\/www.uwekauss.de\/index.php?rest_route=\/wp\/v2\/users\/1"}],"replies":[{"embeddable":true,"href":"https:\/\/www.uwekauss.de\/index.php?rest_route=%2Fwp%2Fv2%2Fcomments&post=799"}],"version-history":[{"count":13,"href":"https:\/\/www.uwekauss.de\/index.php?rest_route=\/wp\/v2\/posts\/799\/revisions"}],"predecessor-version":[{"id":891,"href":"https:\/\/www.uwekauss.de\/index.php?rest_route=\/wp\/v2\/posts\/799\/revisions\/891"}],"wp:attachment":[{"href":"https:\/\/www.uwekauss.de\/index.php?rest_route=%2Fwp%2Fv2%2Fmedia&parent=799"}],"wp:term":[{"taxonomy":"category","embeddable":true,"href":"https:\/\/www.uwekauss.de\/index.php?rest_route=%2Fwp%2Fv2%2Fcategories&post=799"},{"taxonomy":"post_tag","embeddable":true,"href":"https:\/\/www.uwekauss.de\/index.php?rest_route=%2Fwp%2Fv2%2Ftags&post=799"}],"curies":[{"name":"wp","href":"https:\/\/api.w.org\/{rel}","templated":true}]}}