{"id":769,"date":"2018-08-01T15:07:14","date_gmt":"2018-08-01T13:07:14","guid":{"rendered":"https:\/\/www.uwekauss.de\/?p=769"},"modified":"2018-08-01T15:40:55","modified_gmt":"2018-08-01T13:40:55","slug":"erzaehlte-geschichte-meine-offenbacher-ausstellung-250-jahre-aliceplatz","status":"publish","type":"post","link":"https:\/\/www.uwekauss.de\/?p=769","title":{"rendered":"Erz\u00e4hlte Geschichte &#8211; eine Ausstellung"},"content":{"rendered":"<p><a href=\"https:\/\/www.uwekauss.de\/wp-content\/uploads\/2018\/08\/ausstellung_aliceplatz_impression_1.jpg\"><img loading=\"lazy\" decoding=\"async\" class=\"alignleft wp-image-777\" src=\"https:\/\/www.uwekauss.de\/wp-content\/uploads\/2018\/08\/ausstellung_aliceplatz_impression_1-768x1024.jpg\" alt=\"\" width=\"186\" height=\"245\" \/><\/a>Autoren erz\u00e4hlen Geschichten. Meistens mit geschriebenen W\u00f6rtern, deren Anordnung im besten Fall Spannung, Empathie mit den Figuren und das Eintauchen des Lesers ins Geschehen vermitteln. Mein aktuelles Projekt enth\u00e4lt zwar auch eine Menge W\u00f6rter, doch hier f\u00fchren Gem\u00e4lde, Fotos, Landkarten, Handschriften und Objekte durch das Geschehen. Als Kurator habe ich im Auftrag der Stadt Offenbach eine Ausstellung zum 250. Geburtstag des wichtigsten und zentralen Platzes meiner Heimatstadt erarbeitet. Der Titel:<strong> &#8222;250 Jahre Aliceplatz &#8211; F\u00fcrstenresidenz, Fabrikplatz, Fu\u00dfg\u00e4ngerzone&#8220;<\/strong>.<\/p>\n<p>Ein knappes Jahr habe ich recherchiert, ein Konzept erdacht, es modifiziert, mit Leihgebern gesprochen, wieder ver\u00e4ndert und die vielen Puzzleteile schlie\u00dflich in einer Form zusammengef\u00fcgt. Zu sehen ist sie im Offenbacher Kunstverein, dessen R\u00e4ume im zentralen Einkaufszentrum KOMM liegen &#8211; wie passend, direkt am Aliceplatz. Und so haben die <a href=\"http:\/\/www.grafikdesign-baumgardt.de\/\" target=\"_blank\" rel=\"noopener\">Grafikdesignerin Petra Baumgardt<\/a> &#8211; die f\u00fcr die spannungsreiche Gestaltung verantwortlich ist &#8211; und ich einen Kontrast zwischen der Welt der Kultur und der t\u00e4glich gereinigten Shoppingwelt des KOMM setzen wollen: 250 Jahre Stadtgeschichte zwischen rohen Betonw\u00e4nden, Estrichboden und Versorgungsleitungen an der Decke. Das erz\u00e4hlt von Ver\u00e4nderung, Improvisation und Bewegung, die den Platz 250 Jahre lang gepr\u00e4gt haben. Nichts hatte Bestand. Das Neue wurde altmodisch, bis das Neue altmodisch wurde.<a href=\"https:\/\/www.uwekauss.de\/wp-content\/uploads\/2018\/08\/ausstellung_aliceplatz_kauss_ziegler_2.jpg\"><img loading=\"lazy\" decoding=\"async\" class=\"wp-image-779 alignright\" src=\"https:\/\/www.uwekauss.de\/wp-content\/uploads\/2018\/08\/ausstellung_aliceplatz_kauss_ziegler_2-768x1024.jpg\" alt=\"\" width=\"209\" height=\"275\" \/><\/a><\/p>\n<p>L\u00e4ngst vergessen ist etwa die Portefeuille-Fabrik Jacob M\u00f6nch, die direkt am Platz lag und ihn \u00fcber Jahrzehnte gepr\u00e4gt hat &#8211; als Fabrikplatz. Doch M\u00f6nch gilt heute als der Begr\u00fcnder des international hoch renommierten Rufes der Lederstadt Offenbach. Seine Arbeiten waren etwa in Paris, London, New York und Wien in h\u00f6chsten Kreisen begehrt. Das DLM Deutsches Ledermuseum hat in seinem Depot einige f\u00fcr die Zeit sehr charakteristische St\u00fccke recherchiert, die noch nie zu sehen waren &#8211; und wir sie nun erstmals dem Publikum zeigen d\u00fcrfen.<\/p>\n<p>Das Frank<a href=\"https:\/\/www.uwekauss.de\/wp-content\/uploads\/2018\/08\/ausstellung_aliceplatz_telephon.jpg\"><img loading=\"lazy\" decoding=\"async\" class=\"alignleft wp-image-780\" src=\"https:\/\/www.uwekauss.de\/wp-content\/uploads\/2018\/08\/ausstellung_aliceplatz_telephon-768x1024.jpg\" alt=\"\" width=\"179\" height=\"236\" \/><\/a>furter Museum f\u00fcr Kommunikation hat uns dazu aus seinem beeindruckenden Depot mit mehr als 500.000 Objekten das erste Telefon Offenbachs zur Verf\u00fcgung gestellt. Als sehr besondere Leihgabe \u00fcberlie\u00dfen uns die Fachleute die erste Telefonvermittlung, ein Klappenschrank des Jahres 1881. Von ihm existieren weltweit nur noch drei Exemplare. Es war die Pionierzeit, als 1884 am Aliceplatz das Kaiserliche Postamt er\u00f6ffnet wurde. Das Telefon hatte damals noch keine Bedeutung. Es gab zur Er\u00f6ffnung lediglich 19 Teilnehmer, das Telephonzimmer im Postamt lag abseits im ersten Stock neben K\u00fcche und Abstellr\u00e4umen. Wie sich die Zeiten \u00e4ndern. Das kann man am Beispiel dieses zentralen Platzes vom 30.7. bis zum 30.8.2018 anschauen. Ich erz\u00e4hle hier eine Story, aber mit anderen Mitteln und Techniken. Eine gute Story bleibt einfach eine gute Story.<\/p>\n\n\t\t<style type=\"text\/css\">\n\t\t\t#gallery-1 {\n\t\t\t\tmargin: auto;\n\t\t\t}\n\t\t\t#gallery-1 .gallery-item {\n\t\t\t\tfloat: left;\n\t\t\t\tmargin-top: 10px;\n\t\t\t\ttext-align: center;\n\t\t\t\twidth: 33%;\n\t\t\t}\n\t\t\t#gallery-1 img {\n\t\t\t\tborder: 2px solid #cfcfcf;\n\t\t\t}\n\t\t\t#gallery-1 .gallery-caption {\n\t\t\t\tmargin-left: 0;\n\t\t\t}\n\t\t\t\/* see gallery_shortcode() in wp-includes\/media.php *\/\n\t\t<\/style>\n\t\t<div id='gallery-1' class='gallery galleryid-769 gallery-columns-3 gallery-size-medium'><dl class='gallery-item'>\n\t\t\t<dt class='gallery-icon landscape'>\n\t\t\t\t<a href='https:\/\/www.uwekauss.de\/?attachment_id=770'><img loading=\"lazy\" decoding=\"async\" width=\"300\" height=\"183\" src=\"https:\/\/www.uwekauss.de\/wp-content\/uploads\/2018\/08\/250j_aliceplatz_a_kl-300x183.jpg\" class=\"attachment-medium size-medium\" alt=\"\" aria-describedby=\"gallery-1-770\" srcset=\"https:\/\/www.uwekauss.de\/wp-content\/uploads\/2018\/08\/250j_aliceplatz_a_kl-300x183.jpg 300w, https:\/\/www.uwekauss.de\/wp-content\/uploads\/2018\/08\/250j_aliceplatz_a_kl-768x469.jpg 768w, https:\/\/www.uwekauss.de\/wp-content\/uploads\/2018\/08\/250j_aliceplatz_a_kl-1024x626.jpg 1024w, https:\/\/www.uwekauss.de\/wp-content\/uploads\/2018\/08\/250j_aliceplatz_a_kl.jpg 1920w\" sizes=\"auto, (max-width: 300px) 100vw, 300px\" \/><\/a>\n\t\t\t<\/dt>\n\t\t\t\t<dd class='wp-caption-text gallery-caption' id='gallery-1-770'>\n\t\t\t\tBlick in die 280 qm umfassende Ausstellung\n\t\t\t\t<\/dd><\/dl><dl class='gallery-item'>\n\t\t\t<dt class='gallery-icon landscape'>\n\t\t\t\t<a href='https:\/\/www.uwekauss.de\/?attachment_id=771'><img loading=\"lazy\" decoding=\"async\" width=\"300\" height=\"238\" src=\"https:\/\/www.uwekauss.de\/wp-content\/uploads\/2018\/08\/250j_aliceplatz_b_kl-300x238.jpg\" class=\"attachment-medium size-medium\" alt=\"\" aria-describedby=\"gallery-1-771\" srcset=\"https:\/\/www.uwekauss.de\/wp-content\/uploads\/2018\/08\/250j_aliceplatz_b_kl-300x238.jpg 300w, https:\/\/www.uwekauss.de\/wp-content\/uploads\/2018\/08\/250j_aliceplatz_b_kl-768x608.jpg 768w, https:\/\/www.uwekauss.de\/wp-content\/uploads\/2018\/08\/250j_aliceplatz_b_kl-1024x811.jpg 1024w, https:\/\/www.uwekauss.de\/wp-content\/uploads\/2018\/08\/250j_aliceplatz_b_kl.jpg 1920w\" sizes=\"auto, (max-width: 300px) 100vw, 300px\" \/><\/a>\n\t\t\t<\/dt>\n\t\t\t\t<dd class='wp-caption-text gallery-caption' id='gallery-1-771'>\n\t\t\t\tImpressionen der Ausstellung\n\t\t\t\t<\/dd><\/dl><dl class='gallery-item'>\n\t\t\t<dt class='gallery-icon landscape'>\n\t\t\t\t<a href='https:\/\/www.uwekauss.de\/?attachment_id=774'><img loading=\"lazy\" decoding=\"async\" width=\"300\" height=\"210\" src=\"https:\/\/www.uwekauss.de\/wp-content\/uploads\/2018\/08\/250j_aliceplatz_e_kl-300x210.jpg\" class=\"attachment-medium size-medium\" alt=\"\" aria-describedby=\"gallery-1-774\" srcset=\"https:\/\/www.uwekauss.de\/wp-content\/uploads\/2018\/08\/250j_aliceplatz_e_kl-300x210.jpg 300w, https:\/\/www.uwekauss.de\/wp-content\/uploads\/2018\/08\/250j_aliceplatz_e_kl-768x537.jpg 768w, https:\/\/www.uwekauss.de\/wp-content\/uploads\/2018\/08\/250j_aliceplatz_e_kl-1024x716.jpg 1024w, https:\/\/www.uwekauss.de\/wp-content\/uploads\/2018\/08\/250j_aliceplatz_e_kl.jpg 1920w\" sizes=\"auto, (max-width: 300px) 100vw, 300px\" \/><\/a>\n\t\t\t<\/dt>\n\t\t\t\t<dd class='wp-caption-text gallery-caption' id='gallery-1-774'>\n\t\t\t\tFein gearbeitetes Reisek\u00e4stchen aus Leder f\u00fcr Parfumflakons aus der Mitte des 19. Jahrhunderts.\n\t\t\t\t<\/dd><\/dl><br style=\"clear: both\" \/><dl class='gallery-item'>\n\t\t\t<dt class='gallery-icon landscape'>\n\t\t\t\t<a href='https:\/\/www.uwekauss.de\/?attachment_id=775'><img loading=\"lazy\" decoding=\"async\" width=\"300\" height=\"187\" src=\"https:\/\/www.uwekauss.de\/wp-content\/uploads\/2018\/08\/250j_aliceplatz_f_kl-300x187.jpg\" class=\"attachment-medium size-medium\" alt=\"\" aria-describedby=\"gallery-1-775\" srcset=\"https:\/\/www.uwekauss.de\/wp-content\/uploads\/2018\/08\/250j_aliceplatz_f_kl-300x187.jpg 300w, https:\/\/www.uwekauss.de\/wp-content\/uploads\/2018\/08\/250j_aliceplatz_f_kl-768x480.jpg 768w, https:\/\/www.uwekauss.de\/wp-content\/uploads\/2018\/08\/250j_aliceplatz_f_kl-1024x639.jpg 1024w, https:\/\/www.uwekauss.de\/wp-content\/uploads\/2018\/08\/250j_aliceplatz_f_kl.jpg 1920w\" sizes=\"auto, (max-width: 300px) 100vw, 300px\" \/><\/a>\n\t\t\t<\/dt>\n\t\t\t\t<dd class='wp-caption-text gallery-caption' id='gallery-1-775'>\n\t\t\t\tObjekte und Halbmaterial aus der Fertigung der Fabrik Jacob M\u00f6nch.\n\t\t\t\t<\/dd><\/dl><dl class='gallery-item'>\n\t\t\t<dt class='gallery-icon landscape'>\n\t\t\t\t<a href='https:\/\/www.uwekauss.de\/?attachment_id=773'><img loading=\"lazy\" decoding=\"async\" width=\"300\" height=\"193\" src=\"https:\/\/www.uwekauss.de\/wp-content\/uploads\/2018\/08\/250j_aliceplatz_d_kl-300x193.jpg\" class=\"attachment-medium size-medium\" alt=\"\" aria-describedby=\"gallery-1-773\" srcset=\"https:\/\/www.uwekauss.de\/wp-content\/uploads\/2018\/08\/250j_aliceplatz_d_kl-300x193.jpg 300w, https:\/\/www.uwekauss.de\/wp-content\/uploads\/2018\/08\/250j_aliceplatz_d_kl-768x493.jpg 768w, https:\/\/www.uwekauss.de\/wp-content\/uploads\/2018\/08\/250j_aliceplatz_d_kl-1024x658.jpg 1024w, https:\/\/www.uwekauss.de\/wp-content\/uploads\/2018\/08\/250j_aliceplatz_d_kl.jpg 1920w\" sizes=\"auto, (max-width: 300px) 100vw, 300px\" \/><\/a>\n\t\t\t<\/dt>\n\t\t\t\t<dd class='wp-caption-text gallery-caption' id='gallery-1-773'>\n\t\t\t\tDas erste Offenbacher Telefon und die erste Vermittlungsstelle f\u00fcr zun\u00e4chst 19 Teilnehmer aus dem Jahr 1884.\n\t\t\t\t<\/dd><\/dl><dl class='gallery-item'>\n\t\t\t<dt class='gallery-icon landscape'>\n\t\t\t\t<a href='https:\/\/www.uwekauss.de\/?attachment_id=772'><img loading=\"lazy\" decoding=\"async\" width=\"300\" height=\"162\" src=\"https:\/\/www.uwekauss.de\/wp-content\/uploads\/2018\/08\/250j_aliceplatz_c_kl-300x162.jpg\" class=\"attachment-medium size-medium\" alt=\"\" aria-describedby=\"gallery-1-772\" srcset=\"https:\/\/www.uwekauss.de\/wp-content\/uploads\/2018\/08\/250j_aliceplatz_c_kl-300x162.jpg 300w, https:\/\/www.uwekauss.de\/wp-content\/uploads\/2018\/08\/250j_aliceplatz_c_kl-768x416.jpg 768w, https:\/\/www.uwekauss.de\/wp-content\/uploads\/2018\/08\/250j_aliceplatz_c_kl-1024x554.jpg 1024w\" sizes=\"auto, (max-width: 300px) 100vw, 300px\" \/><\/a>\n\t\t\t<\/dt>\n\t\t\t\t<dd class='wp-caption-text gallery-caption' id='gallery-1-772'>\n\t\t\t\tVitrinen, Tafeln und Stellw\u00e4nde strukturieren 250 Jahre.\n\t\t\t\t<\/dd><\/dl><br style=\"clear: both\" \/>\n\t\t<\/div>\n\n<p>&nbsp;<\/p>\n<p>&nbsp;<\/p>\n","protected":false},"excerpt":{"rendered":"<p>Autoren erz\u00e4hlen Geschichten. Meistens mit geschriebenen W\u00f6rtern, deren Anordnung im besten Fall Spannung, Empathie mit den Figuren und das Eintauchen des Lesers ins Geschehen vermitteln. Mein aktuelles Projekt enth\u00e4lt zwar auch eine Menge W\u00f6rter, doch hier f\u00fchren Gem\u00e4lde, Fotos, Landkarten, &hellip; <a href=\"https:\/\/www.uwekauss.de\/?p=769\">Weiterlesen <span class=\"meta-nav\">&rarr;<\/span><\/a><\/p>\n","protected":false},"author":1,"featured_media":0,"comment_status":"open","ping_status":"closed","sticky":false,"template":"","format":"standard","meta":{"footnotes":""},"categories":[5],"tags":[],"class_list":["post-769","post","type-post","status-publish","format-standard","hentry","category-aktuell"],"aioseo_notices":[],"_links":{"self":[{"href":"https:\/\/www.uwekauss.de\/index.php?rest_route=\/wp\/v2\/posts\/769","targetHints":{"allow":["GET"]}}],"collection":[{"href":"https:\/\/www.uwekauss.de\/index.php?rest_route=\/wp\/v2\/posts"}],"about":[{"href":"https:\/\/www.uwekauss.de\/index.php?rest_route=\/wp\/v2\/types\/post"}],"author":[{"embeddable":true,"href":"https:\/\/www.uwekauss.de\/index.php?rest_route=\/wp\/v2\/users\/1"}],"replies":[{"embeddable":true,"href":"https:\/\/www.uwekauss.de\/index.php?rest_route=%2Fwp%2Fv2%2Fcomments&post=769"}],"version-history":[{"count":6,"href":"https:\/\/www.uwekauss.de\/index.php?rest_route=\/wp\/v2\/posts\/769\/revisions"}],"predecessor-version":[{"id":786,"href":"https:\/\/www.uwekauss.de\/index.php?rest_route=\/wp\/v2\/posts\/769\/revisions\/786"}],"wp:attachment":[{"href":"https:\/\/www.uwekauss.de\/index.php?rest_route=%2Fwp%2Fv2%2Fmedia&parent=769"}],"wp:term":[{"taxonomy":"category","embeddable":true,"href":"https:\/\/www.uwekauss.de\/index.php?rest_route=%2Fwp%2Fv2%2Fcategories&post=769"},{"taxonomy":"post_tag","embeddable":true,"href":"https:\/\/www.uwekauss.de\/index.php?rest_route=%2Fwp%2Fv2%2Ftags&post=769"}],"curies":[{"name":"wp","href":"https:\/\/api.w.org\/{rel}","templated":true}]}}